{"id":1202,"date":"2022-03-15T12:24:00","date_gmt":"2022-03-15T10:24:00","guid":{"rendered":"https:\/\/fil-promootio.helsinki.fi\/?p=1202"},"modified":"2022-03-28T11:28:37","modified_gmt":"2022-03-28T08:28:37","slug":"valkommen-och-dansovnigarna","status":"publish","type":"post","link":"https:\/\/fil-promootio.helsinki.fi\/2022\/sv\/valkommen-och-dansovnigarna\/","title":{"rendered":"V\u00e4lkommen och dans\u00f6vningarna"},"content":{"rendered":"\n<p>\u00c4rad promovend eller avec,<\/p>\n\n\n\n<p>varmt v\u00e4lkommen till filosofiska fakultetens promotion 2022!<\/p>\n\n\n\n<p>\u00c4ven om v\u00e5ren just h\u00e5ller p\u00e5 att b\u00f6rja n\u00e4rmar sig maj och promotionsfestligheterna snabbt. F\u00f6rhoppningsvis har du bekantat dig med promotionens delevenemang p\u00e5 promotionens webbsida och markerat dem i kalendern. Dans\u00f6vningarna f\u00f6r dem som deltar i magistersfrans\u00e4sen b\u00f6rjar i slutet av mars, allts\u00e5 det l\u00f6nar sig f\u00f6r framf\u00f6r allt magisterpromovenderna att bekanta sig med dansernas \u00f6vningsschema och v\u00e4gledningarna som finns i slutet av meddelandet.&nbsp;<\/p>\n\n\n\n<p>Promotionens anvisningar f\u00f6r kl\u00e4dsel \u00e4r noggranna och vi ber dig bekanta dig med dem, omsorgsfullt och i god tid p\u00e5 promotionens webbsida. P\u00e5 webbsidan har samlats anvisningar g\u00e4llande kl\u00e4dsel vid varje promotionstillst\u00e4llning f\u00f6r s\u00e5v\u00e4l promovender och avecer som g\u00e4ster och allm\u00e4nna anvisningar som man borde ta h\u00e4nsyn till.&nbsp;<\/p>\n\n\n\n<p>Ytterligare informationer om promotionen f\u00e5r man p\u00e5 adressen <a href=\"https:\/\/fil-promo-22.it.helsinki.fi\/2022\/sv\">fil-promootio.helsinki.fi\/sv<\/a>. Fr\u00e5gor kring promotionen kan man vid behov skicka till promotionskommitt\u00e9ns e-postadress <a href=\"mailto:fil-promootio@helsinki.fi\">fil-promootio@helsinki.fi<\/a>. Promotionskansliet \u00f6ppnas den 14.3 och det betj\u00e4nar tills slutet av maj. Promotionskansliet ligger i byggnaden Porthanias (Universitetsgatan 3) rum 221. V\u00e4nligen se de mera detaljerade \u00f6ppettiderna p\u00e5 promotionens webbsida.&nbsp;<\/p>\n\n\n\n<p>Du kan ocks\u00e5 f\u00f6lja med promotionen p\u00e5 Facebook, Instagram och Twitter, p\u00e5 alla dessa under anv\u00e4ndarnamnet @Fil-Promootio.<\/p>\n\n\n\n<p>Med v\u00e5rlig h\u00e4lsning,<\/p>\n\n\n\n<p>Promotionskommitt\u00e9n 2022<\/p>\n\n\n\n<p>\u2014-<\/p>\n\n\n\n<p><strong>YTTERLIGARE INFORMATION KRING DANS\u00d6VNINGARNA<\/strong><\/p>\n\n\n\n<p><strong>VEM:<\/strong> I frans\u00e4sen deltar magisterpromovenderna och deras avecer. I de allm\u00e4nna \u00f6vningarna deltar \u00e4ven doktorpromovenderna och deras avecer.&nbsp;<\/p>\n\n\n\n<p><strong>N\u00c4R:<\/strong> I mars, april och maj 2022 (se noggrannare tidsschema).<\/p>\n\n\n\n<p><strong>VAR:<\/strong> Unisport Otn\u00e4s (Otstrand 6, Esbo) och Grundskolan Norsen (Unionsgatan 2, Helsingfors).<\/p>\n\n\n\n<p>Vid promotionsbalen dansar man de akademiska danserna med ytterligare m\u00f6nsterdanser magistersfrans\u00e4s och doktorspolon\u00e4s som magister- och doktorpromovenderna f\u00e5r deltar i med sina avecer. Jubelmagistrar och jubeldoktorer deltar inte i dessa danser. Det kommer att organiseras \u00f6vningar f\u00f6r dem som deltar i frans\u00e4sen. Det \u00e4r obligatoriskt att delta i \u00f6vningarna p\u00e5 nedan angivet s\u00e4tt.<\/p>\n\n\n\n<p>Doktorerna \u00f6var sin egen polon\u00e4s p\u00e5 generalrepetitionsdagen och innan detta \u00e4r det m\u00f6jligt att komma med till att \u00f6va de andra akademiska danserna.&nbsp;<\/p>\n\n\n\n<p>F\u00f6r de promovender och andra deltagare i promotionen som inte deltar i magistersfrans\u00e4sen eller doktorspolon\u00e4sen ska allm\u00e4nna \u00f6vningar organiseras d\u00e4r man \u00f6var de akademiska danserna som man kommer att dansa vid balen. Deltagandet i dessa dans\u00f6vningar \u00e4r frivilligt.&nbsp;<\/p>\n\n\n\n<p><strong>Frans\u00e4s\u00f6vningarna&nbsp;<\/strong><\/p>\n\n\n\n<p>Frans\u00e4sen \u00e4r de unga magistrarnas egen uppvisningsdans som best\u00e5r av sju turer. F\u00f6r att kunna delta ska man f\u00f6rbinda sig att delta i alla dans\u00f6vningarna. Ett danspar kan inte vara bort fr\u00e5n \u00f6vningarna, inte ens en g\u00e5ng. En medlem av ett par kan av tvingande sk\u00e4l vara en g\u00e5ng bort fr\u00e5n \u00f6vningarna. Eftersom paren dansar ansikte mot ansikte blir det v\u00e4ldigt sv\u00e5rt att \u00f6va utan en partner och p\u00e5 enligt s\u00e4tt blir partnern automatiskt utkastad fr\u00e5n hela frans\u00e4sen om hen uteblir mitt i \u00f6vningarna. <strong>Man m\u00e5ste delta i den f\u00f6rsta \u00f6vningsomg\u00e5ngen f\u00f6r att kunna delta i dansen. <\/strong>\u00d6vningarna f\u00f6r de andra danserna kopplas ocks\u00e5 samman med frans\u00e4s\u00f6vningarna, allts\u00e5 de som deltar i frans\u00e4sen beh\u00f6ver inte delta i de allm\u00e4nna \u00f6vningarna.&nbsp;<\/p>\n\n\n\n<p>Frans\u00e4s\u00f6vningarna h\u00e5lls i grundskolan Norsen i adressen Unionsgatan 2. \u00d6vningarna h\u00e5lls i skolans \u00f6vre gymnastiksal.&nbsp;<\/p>\n\n\n\n<p>Tors. 24.03.2022 17:00 &#8211; 19:00<br>Tors. 31.03.2022 17:00 &#8211; 19:00<br>Tors. 07.04.2022 17:00 &#8211; 19:00<br>Tors. 21.04.2022 17:00 &#8211; 19:00<br>Tors. 28.04.2022 17:00 &#8211; 19:00<br>Tors. 05.05.2022 17:00 &#8211; 19:00<br>Tors. 12.05.2022 17:00 &#8211; 19:00<br>Tors. 19.05.2022 17:00 &#8211; 19:00<br>V\u00e4nligen l\u00e4gg m\u00e4rke till att det inte finns frans\u00e4s\u00f6vningar p\u00e5 torsdagen den 14.4.<\/p>\n\n\n\n<p>Ta med innetossor till dans\u00f6vningarna, endast vid generalrepetitionen anv\u00e4nder man klackskor. En l\u00e5ng kjol skapar mer dansatmosf\u00e4r.<\/p>\n\n\n\n<p><strong>Generalrepetitionen<\/strong><\/p>\n\n\n\n<p>Generalrepetitionen \u00e4r obligatorisk f\u00f6r alla som deltar i danserna och den h\u00e5lls i Gamla studenthuset (Mannerheimv\u00e4gen 3) tisdagen 24.5. kl. 17-21.&nbsp;<\/p>\n\n\n\n<p><strong>Kl\u00e4dseln vid polon\u00e4sen och frans\u00e4sen<\/strong><\/p>\n\n\n\n<p>N\u00e4r det g\u00e4ller danserna s\u00e5 \u00e4r det bra att l\u00e4gga m\u00e4rke till att vid doktorspolon\u00e4sen ska b\u00e5da medlemmarna i paret vara kl\u00e4dda i svart som \u00e4r doktorernas f\u00e4rg. Om avecen till en doktorpromovend \u00e4r kl\u00e4dd i vitt (se Kl\u00e4dsel) m\u00e5ste hen byta till svart kl\u00e4dsel f\u00f6r doktorspolon\u00e4sen. Om danspartnern vid polon\u00e4sen \u00e4r en magisterpromovend s\u00e5 m\u00e5ste hen ta av sin krans under hela dansen.<\/p>\n\n\n\n<p>Magistersfrans\u00e4sen \u00e4r en dans vars visuell id\u00e9 baserar sig p\u00e5 m\u00f6nster som dansare kl\u00e4dda i svart och vitt bilder. Endast ett par d\u00e4r en medlem \u00e4r kl\u00e4dd i frack och den andra medlem i vit kl\u00e4nning kan delta i frans\u00e4sen. Om du kl\u00e4r dig i samma f\u00e4rg som din avec vid promotionen (se Kl\u00e4dsel) m\u00e5ste en av medlemmarna i paret byta om inf\u00f6r magistersfrans\u00e4sen.&nbsp;<\/p>\n\n\n\n<p>En doktorpromovend kl\u00e4dd i frack kan delta i frans\u00e4sen som magisterpromovends partner men hen m\u00e5ste ta av sina doktorsinsignier under hela dansen. De som har f\u00e4rgade kl\u00e4nningar p\u00e5 sig kan inte delta varken i doktorspolon\u00e4sen eller magistersfrans\u00e4sen men det \u00e4r m\u00f6jligt att delta i de andra danserna.<\/p>\n\n\n\n<p><strong>Allm\u00e4nna dans\u00f6vningar&nbsp;<\/strong><\/p>\n\n\n\n<p>De allm\u00e4nna dans\u00f6vningarna organiseras s\u00f6n. den 8.5 kl. 13-16 och s\u00f6n. den 15.5 kl. 12-15. \u00d6vningarna h\u00e5lls i Unisport Otn\u00e4s i adressen Otstrand 6, Esbo. Man beh\u00f6ver inte en par till dans\u00f6vningarna. B\u00e5da dans\u00f6vningarna \u00e4r frivilliga.<\/p>\n","protected":false},"excerpt":{"rendered":"<p>\u00c4rad promovend eller avec, varmt v\u00e4lkommen till filosofiska fakultetens promotion 2022! \u00c4ven om v\u00e5ren just h\u00e5ller p\u00e5 att b\u00f6rja n\u00e4rmar sig maj och promotionsfestligheterna snabbt. F\u00f6rhoppningsvis har du bekantat dig med promotionens delevenemang p\u00e5 promotionens webbsida och markerat dem i kalendern. Dans\u00f6vningarna f\u00f6r dem som deltar i magistersfrans\u00e4sen b\u00f6rjar i slutet av mars, allts\u00e5 det [&hellip;]<\/p>\n","protected":false},"author":11,"featured_media":0,"comment_status":"closed","ping_status":"closed","sticky":false,"template":"","format":"standard","meta":{"footnotes":""},"categories":[11],"tags":[],"class_list":["post-1202","post","type-post","status-publish","format-standard","hentry","category-yleinen-sv"],"_links":{"self":[{"href":"https:\/\/fil-promootio.helsinki.fi\/2022\/wp-json\/wp\/v2\/posts\/1202","targetHints":{"allow":["GET"]}}],"collection":[{"href":"https:\/\/fil-promootio.helsinki.fi\/2022\/wp-json\/wp\/v2\/posts"}],"about":[{"href":"https:\/\/fil-promootio.helsinki.fi\/2022\/wp-json\/wp\/v2\/types\/post"}],"author":[{"embeddable":true,"href":"https:\/\/fil-promootio.helsinki.fi\/2022\/wp-json\/wp\/v2\/users\/11"}],"replies":[{"embeddable":true,"href":"https:\/\/fil-promootio.helsinki.fi\/2022\/wp-json\/wp\/v2\/comments?post=1202"}],"version-history":[{"count":3,"href":"https:\/\/fil-promootio.helsinki.fi\/2022\/wp-json\/wp\/v2\/posts\/1202\/revisions"}],"predecessor-version":[{"id":1260,"href":"https:\/\/fil-promootio.helsinki.fi\/2022\/wp-json\/wp\/v2\/posts\/1202\/revisions\/1260"}],"wp:attachment":[{"href":"https:\/\/fil-promootio.helsinki.fi\/2022\/wp-json\/wp\/v2\/media?parent=1202"}],"wp:term":[{"taxonomy":"category","embeddable":true,"href":"https:\/\/fil-promootio.helsinki.fi\/2022\/wp-json\/wp\/v2\/categories?post=1202"},{"taxonomy":"post_tag","embeddable":true,"href":"https:\/\/fil-promootio.helsinki.fi\/2022\/wp-json\/wp\/v2\/tags?post=1202"}],"curies":[{"name":"wp","href":"https:\/\/api.w.org\/{rel}","templated":true}]}}