{"id":1085,"date":"2022-02-22T19:19:55","date_gmt":"2022-02-22T17:19:55","guid":{"rendered":"https:\/\/fil-promootio.helsinki.fi\/?p=1085"},"modified":"2022-02-22T19:42:43","modified_gmt":"2022-02-22T17:42:43","slug":"mot-varen-vagar-man-anmala-sig-till-promotionen","status":"publish","type":"post","link":"https:\/\/fil-promootio.helsinki.fi\/2022\/sv\/mot-varen-vagar-man-anmala-sig-till-promotionen\/","title":{"rendered":"Mot v\u00e5ren \u2013 v\u00e5gar man anm\u00e4la sig till promotionen?"},"content":{"rendered":"\n<h4 class=\"wp-block-heading\">Man vill inte g\u00f6ra avkall p\u00e5 promotionsst\u00e4mningen<\/h4>\n\n\n\n<p>F\u00f6r ett \u00e5r sedan var det knappt n\u00e5gon som skulle ha kunnat f\u00f6rutse hur sv\u00e5rt det blev att f\u00f6rutse coronasituationen under b\u00f6rjan av \u00e5ret. Nu n\u00e4r det finns bara ett par veckor anm\u00e4lningstid kvar s\u00e5 har kommitt\u00e9n en tydlig uppfattning om arrangemanget av promotionen.<\/p>\n\n\n\n<p>&#8220;Vi forts\u00e4tter arrangemanget utg\u00e5ende fr\u00e5n ett fullst\u00e4ndigt n\u00e4revenemang\u201d, s\u00e4ger ordf\u00f6rande f\u00f6r kommitt\u00e9n som best\u00e5r av frivilliga, gratist Anna-Liisa Koskinen.<\/p>\n\n\n\n<p>Detta betyder att f\u00f6rberedelserna f\u00f6r promotionens alla olika <a href=\"https:\/\/fil-promo-22.it.helsinki.fi\/2022\/sv\/program\/\" data-type=\"page\" data-id=\"558\">delevenemang<\/a> \u00e4r redan i full g\u00e5ng. Kommitt\u00e9n diskuterar tillsammans med universitetets l\u00e4gescentraler som best\u00e4mmer coronalinjerna hurdana f\u00f6rsiktighets\u00e5tg\u00e4rder kan hj\u00e4lpa f\u00f6rb\u00e4ttra h\u00e4lsos\u00e4kerheten under tillst\u00e4llningarna. Kommitt\u00e9n vill inte \u00e4nd\u00e5 inte g\u00f6ra avkall p\u00e5 en fullst\u00e4ndig promotionsupplevelse.<\/p>\n\n\n\n<p>&#8220;Att g\u00f6ra promotionen ett partiellt eller helt distansevenemang \u00e4r inte ett alternativ f\u00f6r kommitt\u00e9n\u201d, till\u00e4gger Koskinen.<\/p>\n\n\n\n<p>Under de senaste tv\u00e5 \u00e5ren har m\u00e5nga blivit tr\u00f6tta p\u00e5 distansevenemang och de erbjuder inte en likadan gemensam upplevelse som n\u00e4revenemang. Koskinen p\u00e5minner om att promotionen \u00e4r ett unikt s\u00e4tt att fira den egna examen i praktfulla omst\u00e4ndigheter med universitetsgemenskapen.<\/p>\n\n\n\n<p>&#8220;Alla utexaminerade \u00e4r lika viktiga. Vi tycker inte att det \u00e4r \u00e4ndam\u00e5lsenligt f\u00f6r deltagarna att denna g\u00e5ng erbjuda endast en partiell upplevelse utan v\u00e4rdefulla festlokaler och promotionens gl\u00e4djefulla anda\u201d, s\u00e4ger Koskinen.<\/p>\n\n\n\n<h4 class=\"wp-block-heading\">Man f\u00f6ljer myndigheternas instruktioner vid arrangemanget<\/h4>\n\n\n\n<p>Man har gett ett stort antal uppskattningar om hur epidemin kommer att utvecklas under de kommande m\u00e5naderna. Institutet f\u00f6r h\u00e4lsa och v\u00e4lf\u00e4rd samt social- och h\u00e4lsov\u00e5rdministeriet uppskattar i sin senaste corona\u00f6versikt att omircronv\u00e5gen redan kanske \u00e4r f\u00f6rbi i Helsingfors och Nylands sjukv\u00e5rdsdistrikt. Erfarenheten under de sista tv\u00e5 \u00e5ren har \u00e4nd\u00e5 l\u00e4rt oss att coronan kan \u00e4nnu \u00f6verraska.<\/p>\n\n\n\n<p>&#8220;Vid arrangemanget f\u00f6ljer vi myndigheternas anvisningar och universitetets l\u00e4gescentralers beslut. Det \u00e4r naturligt m\u00f6jligt att promotionen m\u00e5ste \u00e4nnu inst\u00e4llas fast\u00e4n vi p\u00e5 intet vis \u00f6nskar det&#8221;, s\u00e4ger Koskinen.<\/p>\n\n\n\n<p>Ifall promotionen inst\u00e4lls kommer de redan betalda deltagaravgifterna \u00e5terbetalas av universitetet till deltagarna. Kommitt\u00e9n har \u00e4nd\u00e5 mycket vilja och tro.<\/p>\n\n\n\n<p>&#8220;Slutligen \u00e4r promotionsupplevelsen v\u00e4rt allt arbete det tar\u201d, p\u00e5minner Koskinen till slut.<\/p>\n\n\n\n<p><em>Anm\u00e4lningen till v\u00e5rens promotion \u00e4r \u00f6ppen tills den 7 mars kl. 23.59. <a href=\"https:\/\/fil-promo-22.it.helsinki.fi\/2022\/sv\/anmalning\/\" data-type=\"page\" data-id=\"538\">L\u00e4s mer.<\/a><\/em><\/p>\n","protected":false},"excerpt":{"rendered":"<p>Kommitt\u00e9n som \u00e4r ansvarig f\u00f6r att organisera filosofiska fakultetens 99:e promotion har st\u00e4llts inf\u00f6r en sv\u00e5r fr\u00e5ga under de senaste m\u00e5naderna: kan promotionen som redan en g\u00e5ng m\u00e5ste flyttas faktiskt organiseras denna v\u00e5r?<\/p>\n","protected":false},"author":7,"featured_media":0,"comment_status":"closed","ping_status":"closed","sticky":false,"template":"","format":"standard","meta":{"footnotes":""},"categories":[11],"tags":[],"class_list":["post-1085","post","type-post","status-publish","format-standard","hentry","category-yleinen-sv"],"_links":{"self":[{"href":"https:\/\/fil-promootio.helsinki.fi\/2022\/wp-json\/wp\/v2\/posts\/1085","targetHints":{"allow":["GET"]}}],"collection":[{"href":"https:\/\/fil-promootio.helsinki.fi\/2022\/wp-json\/wp\/v2\/posts"}],"about":[{"href":"https:\/\/fil-promootio.helsinki.fi\/2022\/wp-json\/wp\/v2\/types\/post"}],"author":[{"embeddable":true,"href":"https:\/\/fil-promootio.helsinki.fi\/2022\/wp-json\/wp\/v2\/users\/7"}],"replies":[{"embeddable":true,"href":"https:\/\/fil-promootio.helsinki.fi\/2022\/wp-json\/wp\/v2\/comments?post=1085"}],"version-history":[{"count":4,"href":"https:\/\/fil-promootio.helsinki.fi\/2022\/wp-json\/wp\/v2\/posts\/1085\/revisions"}],"predecessor-version":[{"id":1100,"href":"https:\/\/fil-promootio.helsinki.fi\/2022\/wp-json\/wp\/v2\/posts\/1085\/revisions\/1100"}],"wp:attachment":[{"href":"https:\/\/fil-promootio.helsinki.fi\/2022\/wp-json\/wp\/v2\/media?parent=1085"}],"wp:term":[{"taxonomy":"category","embeddable":true,"href":"https:\/\/fil-promootio.helsinki.fi\/2022\/wp-json\/wp\/v2\/categories?post=1085"},{"taxonomy":"post_tag","embeddable":true,"href":"https:\/\/fil-promootio.helsinki.fi\/2022\/wp-json\/wp\/v2\/tags?post=1085"}],"curies":[{"name":"wp","href":"https:\/\/api.w.org\/{rel}","templated":true}]}}